{"id":567,"date":"2018-02-10T14:16:51","date_gmt":"2018-02-10T13:16:51","guid":{"rendered":"http:\/\/ventdedos.ch\/wordpress\/?p=567"},"modified":"2018-02-14T14:19:55","modified_gmt":"2018-02-14T13:19:55","slug":"afiyet-olsun","status":"publish","type":"post","link":"http:\/\/ventdedos.ch\/wordpress\/2018\/02\/10\/afiyet-olsun\/","title":{"rendered":"Afiyet olsun"},"content":{"rendered":"<p>Voil\u00e0, nous y sommes, Istanbul, le point le plus \u00e0 l\u2019Est de notre p\u00e9riple. Cette ville fut pendant longtemps la meilleure r\u00e9ponse que nous pouvions apporter aux gens qui nous demandaient notre destination. En effet, il est difficile d\u2019expliquer notre voyage complet en quelques mots et c\u2019est vrai que r\u00e9pondre \u00ab\u00a0Istanbul\u00a0\u00bb quand on se trouvait dans des villes oppos\u00e9es \u00e0 l\u2019Ouest comme Lisbonne ou S\u00e9ville, \u00e7a en jetait pas mal. Cela nous paraissait fou de voyager jusqu\u2019ici \u00e0 v\u00e9lo mais nous y sommes. Avant de revenir sur ces 2 jours pass\u00e9s dans \u00ab\u00a0La Sublime Porte\u00a0\u00bb, revenons quelques semaines en arri\u00e8re\u2026<\/p>\n<div id='gallery-1' class='gallery galleryid-567 gallery-columns-3 gallery-size-large'><figure class='gallery-item'>\n\t\t\t<div class='gallery-icon landscape'>\n\t\t\t\t<a href='http:\/\/ventdedos.ch\/wordpress\/wp-content\/uploads\/2018\/02\/P1030428.jpg'><img width=\"1024\" height=\"769\" src=\"http:\/\/ventdedos.ch\/wordpress\/wp-content\/uploads\/2018\/02\/P1030428-1024x769.jpg\" class=\"attachment-large size-large\" alt=\"\" loading=\"lazy\" srcset=\"http:\/\/ventdedos.ch\/wordpress\/wp-content\/uploads\/2018\/02\/P1030428-1024x769.jpg 1024w, http:\/\/ventdedos.ch\/wordpress\/wp-content\/uploads\/2018\/02\/P1030428-300x225.jpg 300w, http:\/\/ventdedos.ch\/wordpress\/wp-content\/uploads\/2018\/02\/P1030428-768x577.jpg 768w, http:\/\/ventdedos.ch\/wordpress\/wp-content\/uploads\/2018\/02\/P1030428.jpg 1065w\" sizes=\"(max-width: 1024px) 100vw, 1024px\" \/><\/a>\n\t\t\t<\/div><\/figure><figure class='gallery-item'>\n\t\t\t<div class='gallery-icon landscape'>\n\t\t\t\t<a href='http:\/\/ventdedos.ch\/wordpress\/wp-content\/uploads\/2018\/02\/P1030552.jpg'><img width=\"1024\" height=\"769\" src=\"http:\/\/ventdedos.ch\/wordpress\/wp-content\/uploads\/2018\/02\/P1030552-1024x769.jpg\" class=\"attachment-large size-large\" alt=\"\" loading=\"lazy\" srcset=\"http:\/\/ventdedos.ch\/wordpress\/wp-content\/uploads\/2018\/02\/P1030552-1024x769.jpg 1024w, http:\/\/ventdedos.ch\/wordpress\/wp-content\/uploads\/2018\/02\/P1030552-300x225.jpg 300w, http:\/\/ventdedos.ch\/wordpress\/wp-content\/uploads\/2018\/02\/P1030552-768x577.jpg 768w, http:\/\/ventdedos.ch\/wordpress\/wp-content\/uploads\/2018\/02\/P1030552.jpg 1065w\" sizes=\"(max-width: 1024px) 100vw, 1024px\" \/><\/a>\n\t\t\t<\/div><\/figure><figure class='gallery-item'>\n\t\t\t<div class='gallery-icon landscape'>\n\t\t\t\t<a href='http:\/\/ventdedos.ch\/wordpress\/wp-content\/uploads\/2018\/02\/P1030515.jpg'><img width=\"1024\" height=\"769\" src=\"http:\/\/ventdedos.ch\/wordpress\/wp-content\/uploads\/2018\/02\/P1030515-1024x769.jpg\" class=\"attachment-large size-large\" alt=\"\" loading=\"lazy\" srcset=\"http:\/\/ventdedos.ch\/wordpress\/wp-content\/uploads\/2018\/02\/P1030515-1024x769.jpg 1024w, http:\/\/ventdedos.ch\/wordpress\/wp-content\/uploads\/2018\/02\/P1030515-300x225.jpg 300w, http:\/\/ventdedos.ch\/wordpress\/wp-content\/uploads\/2018\/02\/P1030515-768x577.jpg 768w, http:\/\/ventdedos.ch\/wordpress\/wp-content\/uploads\/2018\/02\/P1030515.jpg 1065w\" sizes=\"(max-width: 1024px) 100vw, 1024px\" \/><\/a>\n\t\t\t<\/div><\/figure>\n\t\t<\/div>\n\n<p>Nous vous avions laiss\u00e9 apr\u00e8s nos premiers jours albanais marqu\u00e9s par des routes difficiles sur le plan physique. Apr\u00e8s une journ\u00e9e pluvieuse couronn\u00e9e par une soir\u00e9e temp\u00e9tueuse entrecoup\u00e9e de coupures d\u2019\u00e9lectricit\u00e9, nous passons une magnifique journ\u00e9e d\u2019hiver ensoleill\u00e9e en rejoignant la fronti\u00e8re Grecque. Nos quelques jours en Albanie nous ont beaucoup plu et nous pensons s\u00e9rieusement \u00e0 y refaire un crochet lors de notre remont\u00e9e vers le nord de l\u2019Europe. Notre arriv\u00e9e en Gr\u00e8ce rime avec notre premier changement d\u2019alphabet. A partir de maintenant ce sera \u00ab\u00a0am-stram-gram\u00a0\u00bb sur les cartes des caf\u00e9s, et \u00e7a nous amuse beaucoup. Nous d\u00e9cidons de suivre la c\u00f4te lors de nos deux premiers jours. Celle-ci est vraiment d\u00e9serte \u00e0 cette p\u00e9riode de l\u2019ann\u00e9e. On y roule facilement avec un vent favorable et une m\u00e9t\u00e9o plut\u00f4t fraiche mais s\u00e8che, pour le moment. Du fait de notre passage hors saison, nous n\u2019h\u00e9sitons plus \u00e0 garder notre tente au chaud et \u00e0 profiter des tarifs attractifs des diff\u00e9rents logements que nous trouvons sur notre route. Avec des nuits assez froides et la mobilit\u00e9 de Dan vraiment pas au top, c\u2019est un moindre confort que l\u2019on s\u2019offre. Notre derni\u00e8re journ\u00e9e avant notre jour de repos se d\u00e9roulera sous des cordes d\u2019eau. Septante kilom\u00e8tres sur une route \u00e0 fort trafic avec une visibilit\u00e9 de seulement quelques m\u00e8tres, ce n\u2019est vraiment pas g\u00e9nial de rouler dans ces conditions. En revanche, on appr\u00e9cie toujours autant notre entr\u00e9e sous le regard incr\u00e9dule des clients en tenue de pluie et d\u00e9goulinants pour notre d\u00e9sormais traditionnelle pita grecque de midi,. S\u2019ensuit un jour de repos dans le petit village de Menidi o\u00f9 nous en profitons pour remplacer, apr\u00e8s plus 7000 kilom\u00e8tres, nos patins de frein mis \u00e0 rude \u00e9preuve dans les descentes albanaises et nous balader au bord du golfe Ambracique. Nous filons ensuite pr\u00e8s d\u2019Agrinio pour notre premi\u00e8re exp\u00e9rience Couchsurfing, chez Giorgios. Il vit simplement dans une maison partiellement construite et bricol\u00e9e par ses soins. Une soir\u00e9e comme on les aime, au coin du feu \u00e0 \u00e9changer autour d\u2019un bon repas et d\u2019un vin local. Nous reprenons la route direction Ath\u00e8nes par le nord du P\u00e9loponn\u00e8se. On est relativement surpris par les temp\u00e9ratures fraiches qui nous glacent et des forts vents d\u2019Est qui ne nous facilitent pas la t\u00e2che jusqu\u2019\u00e0 Corinthe. Apr\u00e8s la travers\u00e9e du fameux canal, nous voil\u00e0 aux portes de la c\u00e9l\u00e8bre cit\u00e9 antique. Nous coupons au travers de l\u2019\u00eele de Salamina via deux bateaux afin d\u2019\u00e9viter une partie des grosses routes menant \u00e0 la ville. Les vingt derniers kilom\u00e8tres nous permettant de rallier l\u2019appartement de notre h\u00f4te Warmshowers seront \u00e9piques. On n\u2019entre pas facilement dans une agglom\u00e9ration de plus de 6 millions d\u2019habitants \u00e0 v\u00e9lo. Avec le recul nous ne le referions pas. Apr\u00e8s avoir d\u00fb pousser nos v\u00e9los dans ce que l\u2019on imagera comme deux \u00ab\u00a0Petit-Ch\u00eanes\u00a0\u00bb pour les lecteurs lausannois, nous faisons la rencontre d\u2019Adriani. Nous partageons un th\u00e9 en sa compagnie et ensuite la voil\u00e0 qui file chez sa tante pour la soir\u00e9e en nous laissant les cl\u00e9s de son appartement. Nous ne la reverrons pas durant nos deux jours \u00e0 Ath\u00e8nes car elle avait d\u00e9j\u00e0 des plans pour le week-end. Nous profitons de notre passage dans la belle capitale grecque pour visiter le c\u00e9l\u00e8bre Acropole, nous balader dans les rues de la ville et savourer la bonne cuisine grecque. Notre statut de cyclotouristes nous donne m\u00eame la chance de profiter d\u2019un repas gratuit dans un petit restaurant du centre-ville. Apr\u00e8s avoir aval\u00e9 deux pitas pour la route, nous embarquons pour l\u2019\u00eele de Chios, passage oblig\u00e9 pour rejoindre la Turquie car il n\u2019existe pas de liaison directe depuis la Gr\u00e8ce continentale. Nous faisons alors la connaissance de Timoth\u00e9 et Julie, deux cyclotouristes fran\u00e7ais qui voyagent avec leur chien en direction de la Mongolie. Nous discutons une partie du trajet avec eux et partageons un caf\u00e9 tr\u00e8s matinal \u00e0 notre arriv\u00e9e \u00e0 Chios avant de rejoindre le logement que nous avons lou\u00e9 pour deux nuits. L\u2019apr\u00e8s-midi, nous d\u00e9cidons de partir explorer l\u2019\u00eele \u00e0 v\u00e9lo et nous avons le plaisir de red\u00e9couvrir des paysages compl\u00e8tement sauvages qui nous rappellent un peu la Corse. Le lendemain, nous retrouvons Timoth\u00e9 et Julie pour un petit tour \u00e0 v\u00e9lo bien sympathique, puis le temps est venu de se dire au revoir puisque nous reprenons notre route pour la Turquie le lendemain alors qu\u2019ils restent encore quelques jours \u00e0 Chios. Lors de notre embarquement pour la ville de \u00c7e\u015fme, c\u2019est toute une famille de cyclotouristes fran\u00e7ais que nous rencontrons. Les parents et leurs trois enfants qui font \u00e9galement un tour d\u2019Europe sur une ann\u00e9e, quel courage. Nous prenons plaisir \u00e0 discuter avec eux le temps de la travers\u00e9e avant de se s\u00e9parer car nous allons, et c\u2019est bien normal, plus vite qu\u2019eux. Nous qui n\u2019avions plus crois\u00e9 de voyageurs depuis un bout de temps, voil\u00e0 que nous croisons deux groupes en l\u2019espace de quelques jours. C\u2019est toujours de chouettes moments.<\/p>\n<div id='gallery-2' class='gallery galleryid-567 gallery-columns-3 gallery-size-large'><figure class='gallery-item'>\n\t\t\t<div class='gallery-icon landscape'>\n\t\t\t\t<a href='http:\/\/ventdedos.ch\/wordpress\/wp-content\/uploads\/2018\/02\/P1030687.jpg'><img width=\"1024\" height=\"769\" src=\"http:\/\/ventdedos.ch\/wordpress\/wp-content\/uploads\/2018\/02\/P1030687-1024x769.jpg\" class=\"attachment-large size-large\" alt=\"\" loading=\"lazy\" srcset=\"http:\/\/ventdedos.ch\/wordpress\/wp-content\/uploads\/2018\/02\/P1030687-1024x769.jpg 1024w, http:\/\/ventdedos.ch\/wordpress\/wp-content\/uploads\/2018\/02\/P1030687-300x225.jpg 300w, http:\/\/ventdedos.ch\/wordpress\/wp-content\/uploads\/2018\/02\/P1030687-768x577.jpg 768w, http:\/\/ventdedos.ch\/wordpress\/wp-content\/uploads\/2018\/02\/P1030687.jpg 1065w\" sizes=\"(max-width: 1024px) 100vw, 1024px\" \/><\/a>\n\t\t\t<\/div><\/figure><figure class='gallery-item'>\n\t\t\t<div class='gallery-icon landscape'>\n\t\t\t\t<a href='http:\/\/ventdedos.ch\/wordpress\/wp-content\/uploads\/2018\/02\/P1030622.jpg'><img width=\"1024\" height=\"769\" src=\"http:\/\/ventdedos.ch\/wordpress\/wp-content\/uploads\/2018\/02\/P1030622-1024x769.jpg\" class=\"attachment-large size-large\" alt=\"\" loading=\"lazy\" srcset=\"http:\/\/ventdedos.ch\/wordpress\/wp-content\/uploads\/2018\/02\/P1030622-1024x769.jpg 1024w, http:\/\/ventdedos.ch\/wordpress\/wp-content\/uploads\/2018\/02\/P1030622-300x225.jpg 300w, http:\/\/ventdedos.ch\/wordpress\/wp-content\/uploads\/2018\/02\/P1030622-768x577.jpg 768w, http:\/\/ventdedos.ch\/wordpress\/wp-content\/uploads\/2018\/02\/P1030622.jpg 1065w\" sizes=\"(max-width: 1024px) 100vw, 1024px\" \/><\/a>\n\t\t\t<\/div><\/figure><figure class='gallery-item'>\n\t\t\t<div class='gallery-icon landscape'>\n\t\t\t\t<a href='http:\/\/ventdedos.ch\/wordpress\/wp-content\/uploads\/2018\/02\/P1030675.jpg'><img width=\"1024\" height=\"769\" src=\"http:\/\/ventdedos.ch\/wordpress\/wp-content\/uploads\/2018\/02\/P1030675-1024x769.jpg\" class=\"attachment-large size-large\" alt=\"\" loading=\"lazy\" srcset=\"http:\/\/ventdedos.ch\/wordpress\/wp-content\/uploads\/2018\/02\/P1030675-1024x769.jpg 1024w, http:\/\/ventdedos.ch\/wordpress\/wp-content\/uploads\/2018\/02\/P1030675-300x225.jpg 300w, http:\/\/ventdedos.ch\/wordpress\/wp-content\/uploads\/2018\/02\/P1030675-768x577.jpg 768w, http:\/\/ventdedos.ch\/wordpress\/wp-content\/uploads\/2018\/02\/P1030675.jpg 1065w\" sizes=\"(max-width: 1024px) 100vw, 1024px\" \/><\/a>\n\t\t\t<\/div><\/figure>\n\t\t<\/div>\n\n<p>Apr\u00e8s notre d\u00e9barquement en Turquie, nous nous arr\u00eatons quelques instants afin de retirer quelques Livres turques et voil\u00e0 qu\u2019un homme vient nous offrir une tasse de th\u00e9. Le ton est donn\u00e9. Nous prenons alors la route en direction d\u2019Izmir afin de rejoindre nos h\u00f4tes Warmshower. Dans ce qui nous semble \u00eatre le milieu de nulle part, nous tombons sur un restaurant et \u00e7a tombe bien car nous avons faim. Nous faisons alors la connaissance de la cuisine turque et \u00e7a nous r\u00e9jouis beaucoup pour la suite de notre p\u00e9riple. Izmir est une grosse agglom\u00e9ration de plus de 4 millions d\u2019habitants ce qui rend l\u2019entr\u00e9e dans la ville longue et peu int\u00e9ressante. Heureusement nos h\u00f4tes du jour habitent plut\u00f4t \u00e0 l\u2019entr\u00e9e de la ville et apr\u00e8s avoir escalad\u00e9 les rues turques \u00e0 la force des bras, nous faisons la connaissance d\u2019Olcay et Seyma. Ce sont des personnes adorables qui nous accueillent comme des amis et avec qui nous passons une super soir\u00e9e. Ils nous proposent de rester un peu plus longtemps en leur compagnie et c\u2019est vraiment tr\u00e8s dur pour nous de partir. Mais le soleil brille et le vent nous est favorable alors nous reprenons la route. Nous d\u00e9cidons au dernier moment de nous rendre \u00e0 Fo\u00e7a m\u00eame si cela constitue un d\u00e9tour car une famille nous attend le lendemain \u00e0 Bergama. Cette ville nous a \u00e9t\u00e9 conseill\u00e9e par plusieurs personnes et \u00e0 notre arriv\u00e9e, nous sommes conquis. C\u2019est une jolie petite ville au bord de l\u2019eau avec un petit port. Il y a une station de bus \u00e0 laquelle nous nous rendons afin de savoir si \u00e9ventuellement il est possible de mettre les v\u00e9los dans un bus pour nous rapprocher un peu de notre destination du lendemain. Le vendeur de tickets nous r\u00e9pond qu\u2019il n\u2019y a pas de probl\u00e8me. C\u2019est donc sereins que nous passons la soir\u00e9e et que nous prenons le petit d\u00e9jeuner le lendemain sans se presser. Seulement voil\u00e0, au moment de prendre le bus, impossible d\u2019y monter avec les v\u00e9los. Nous essuyons un refus cat\u00e9gorique de la part du chauffeur et rebelote avec celui du bus suivant. Soit. Nous allons donc rouler. Nous ne sommes pas en avance et devons refaire en sens inverse une partie du trajet effectu\u00e9 hier. Nous sommes donc contraints d\u2019abandonner la potentielle jolie petite route montagneuse que nous avions pr\u00e9vu d\u2019emprunter et de suivre la route principale. Route ennuyante et ressemblant fortement aux autoroutes suisses sauf qu\u2019il est possible d\u2019y rouler en tracteur\u2026 ou \u00e0 v\u00e9lo. Heureusement, nous avons le vent de dos et nous rejoignons rapidement notre ville \u00e9tape.<\/p>\n<div id='gallery-3' class='gallery galleryid-567 gallery-columns-3 gallery-size-large'><figure class='gallery-item'>\n\t\t\t<div class='gallery-icon landscape'>\n\t\t\t\t<a href='http:\/\/ventdedos.ch\/wordpress\/wp-content\/uploads\/2018\/02\/P1030747.jpg'><img width=\"1024\" height=\"767\" src=\"http:\/\/ventdedos.ch\/wordpress\/wp-content\/uploads\/2018\/02\/P1030747-1024x767.jpg\" class=\"attachment-large size-large\" alt=\"\" loading=\"lazy\" srcset=\"http:\/\/ventdedos.ch\/wordpress\/wp-content\/uploads\/2018\/02\/P1030747-1024x767.jpg 1024w, http:\/\/ventdedos.ch\/wordpress\/wp-content\/uploads\/2018\/02\/P1030747-300x225.jpg 300w, http:\/\/ventdedos.ch\/wordpress\/wp-content\/uploads\/2018\/02\/P1030747-768x575.jpg 768w, http:\/\/ventdedos.ch\/wordpress\/wp-content\/uploads\/2018\/02\/P1030747.jpg 1065w\" sizes=\"(max-width: 1024px) 100vw, 1024px\" \/><\/a>\n\t\t\t<\/div><\/figure><figure class='gallery-item'>\n\t\t\t<div class='gallery-icon landscape'>\n\t\t\t\t<a href='http:\/\/ventdedos.ch\/wordpress\/wp-content\/uploads\/2018\/02\/P1030810.jpg'><img width=\"1024\" height=\"769\" src=\"http:\/\/ventdedos.ch\/wordpress\/wp-content\/uploads\/2018\/02\/P1030810-1024x769.jpg\" class=\"attachment-large size-large\" alt=\"\" loading=\"lazy\" srcset=\"http:\/\/ventdedos.ch\/wordpress\/wp-content\/uploads\/2018\/02\/P1030810-1024x769.jpg 1024w, http:\/\/ventdedos.ch\/wordpress\/wp-content\/uploads\/2018\/02\/P1030810-300x225.jpg 300w, http:\/\/ventdedos.ch\/wordpress\/wp-content\/uploads\/2018\/02\/P1030810-768x577.jpg 768w, http:\/\/ventdedos.ch\/wordpress\/wp-content\/uploads\/2018\/02\/P1030810.jpg 1065w\" sizes=\"(max-width: 1024px) 100vw, 1024px\" \/><\/a>\n\t\t\t<\/div><\/figure><figure class='gallery-item'>\n\t\t\t<div class='gallery-icon landscape'>\n\t\t\t\t<a href='http:\/\/ventdedos.ch\/wordpress\/wp-content\/uploads\/2018\/02\/P1030717.jpg'><img width=\"1024\" height=\"767\" src=\"http:\/\/ventdedos.ch\/wordpress\/wp-content\/uploads\/2018\/02\/P1030717-1024x767.jpg\" class=\"attachment-large size-large\" alt=\"\" loading=\"lazy\" srcset=\"http:\/\/ventdedos.ch\/wordpress\/wp-content\/uploads\/2018\/02\/P1030717-1024x767.jpg 1024w, http:\/\/ventdedos.ch\/wordpress\/wp-content\/uploads\/2018\/02\/P1030717-300x225.jpg 300w, http:\/\/ventdedos.ch\/wordpress\/wp-content\/uploads\/2018\/02\/P1030717-768x575.jpg 768w, http:\/\/ventdedos.ch\/wordpress\/wp-content\/uploads\/2018\/02\/P1030717.jpg 1415w\" sizes=\"(max-width: 1024px) 100vw, 1024px\" \/><\/a>\n\t\t\t<\/div><\/figure>\n\t\t<\/div>\n\n<p>Il nous est difficile de vous raconter pr\u00e9cis\u00e9ment la suite des \u00e9v\u00e9nements de notre voyage. Les instants de partage que nous avons v\u00e9cus sont uniques et compliqu\u00e9s \u00e0 d\u00e9crire. A Bergama, nous sommes log\u00e9s dans la famille de Emine, une m\u00e8re de famille passionn\u00e9e de v\u00e9lo et patronne du club de la ville. Nous communiquons avec elles et ses amis par l\u2019interm\u00e9diaire de ses enfants, Ebra et Recep, avec qui il est possible d\u2019\u00e9changer en anglais. Nous passons ainsi deux jours intenses en d\u00e9couvertes. Emine est une cuisini\u00e8re exceptionnelle qui nous a r\u00e9gal\u00e9s matin et soir avec une cuisine turque succulente. C\u2019est aussi l\u2019opportunit\u00e9 pour nous d\u2019en apprendre plus sur les coutumes turques, l\u2019Islam et la vie en Turquie en g\u00e9n\u00e9ral. Ils sont \u00e9galement tr\u00e8s curieux sur notre vie d\u2019Europ\u00e9en et c\u2019est sans tabou que nous \u00e9changeons sur tous les sujets. Ici, on est trait\u00e9 comme des rois et tout le club de v\u00e9lo de la ville est \u00e0 notre disposition pour que nous passions le meilleur s\u00e9jour possible. Ainsi, nous passons une journ\u00e9e \u00e0 visiter la belle ville de Bergama et son th\u00e9\u00e2tre vertigineux en compagnie de Baslar et Metin, deux cyclistes du club. Pour nous, c\u2019est juste hallucinant de recevoir un tel accueil et m\u00eame si nous avions pr\u00e9vu de ne rester qu\u2019une nuit, il nous est impossible de refuser une telle hospitalit\u00e9. \u00ab\u00a0C\u2019est dans notre culture\u00a0\u00bb qu\u2019ils nous disent. C\u2019est donc le coeur lourd que nous quittons Emine et sa famille, escort\u00e9 jusqu\u2019\u00e0 notre prochaine \u00e9tape par une partie du club de v\u00e9lo de la ville. A mi-chemin, nous nous arr\u00eatons prendre un th\u00e9. A notre plus grande surprise, deux membres du club de v\u00e9lo de notre ville \u00e9tape du jour viennent prendre le relais. C\u2019est alors avec notre nouvelle escorte que nous nous rendons \u00e0 Soma o\u00f9 nous retrouvons Bircan \u00e0 l\u2019h\u00f4pital dans lequel elle travaille. Elle travaille malheureusement de nuit mais tenait \u00e0 nous voir avant de nous laisser les cl\u00e9s de son appartement pour la nuit. Au matin, nous l\u2019attendons afin de la remercier. Elle insiste pour nous pr\u00e9parer un d\u00e9jeuner de comp\u00e9tition alors qu\u2019elle n\u2019a pas dormi de la nuit et qu\u2019elle doit se rendre voir sa m\u00e8re malade \u00e0 l\u2019autre bout du pays dans l\u2019apr\u00e8s midi. Nous filons ensuite pour Savastepe o\u00f9 nous avons rendez-vous avec Ceylan et sa famille. C\u2019est une journ\u00e9e difficile, le temps est maussade et Dan a de fortes douleurs dans les hanches et le bas du dos. En plus, nous finissons compl\u00e8tement embourb\u00e9 dans une esp\u00e8ce de sable boueux et devons passer une heure \u00e0 laver les v\u00e9los avant de pouvoir continuer d\u2019avancer. Nous arrivons finalement \u00e0 destination et rencontrons Ceylan et sa famille qui viennent nous chercher en voiture. Ils ont pr\u00e9vus tout un programme pour nous. Ni une ni deux, nos v\u00e9los sont sur le toit et nous filons dans le village o\u00f9 vit la famille de Ramazan, le mari de Ceylan. Nous passons une soir\u00e9e magique dans une maison traditionnelle turque \u00e0 cuisiner un poulet comme vous n\u2019en avez jamais cuisin\u00e9. Le lendemain apr\u00e8s avoir d\u00e9pos\u00e9 les enfants dans leur appartement en compagnie de la nounou, nous partons en compagnie de Ceylan et Ramazan pour un hammam naturel au milieu de nulle part. Personne ne sait d\u2019o\u00f9 vient la source d\u2019eau chaude et l\u2019histoire raconte qu\u2019elle est devenue froide lorsque l\u2019homme a essay\u00e9 de monnayer le lieu. Une magnifique journ\u00e9e que nous terminons chez des amis de Ramazan autour des traditionnels th\u00e9s et caf\u00e9s turcs. Nous avions pr\u00e9vu de partir le lendemain mais \u00e0 nouveau, impossible pour nous de quitter ces gens attachants qui ont envie de tout nous faire d\u00e9couvrir. Nous allons faire un tour au joli march\u00e9 d\u00e9di\u00e9 aux femmes de Balikesir avec Ceylan. Puis Ramazan emm\u00e8ne Dan chez le coiffeur. Nous pensions pouvoir partir en d\u00e9but d\u2019apr\u00e8s-midi afin de faire la moiti\u00e9 du chemin pour Bandirma mais il n\u2019en est finalement rien. Nous d\u00e9cidons alors de prendre le train pour Bandirma, comme nous l\u2019avait sugg\u00e9r\u00e9 Ceylan mais apr\u00e8s quelques recherches nous apprenons qu\u2019il n\u2019est pas possible d\u2019y mettre les v\u00e9los. Au final, c\u2019est Ceylan et Ramazan nous am\u00e8nent en voiture \u00e0 Bandirma, les v\u00e9los toujours sur le toit, car c\u2019est impensable pour eux de nous laisser partir \u00e0 v\u00e9lo en fin de journ\u00e9e. Apr\u00e8s une bonne nuit de repos dans un h\u00f4tel nous passons la journ\u00e9e dans un caf\u00e9 turc \u00e0 boire du th\u00e9 et jouer au backgammon, jeu tr\u00e8s populaire ici, avant de prendre le bateau pour Istanbul.<\/p>\n<div id='gallery-4' class='gallery galleryid-567 gallery-columns-3 gallery-size-large'><figure class='gallery-item'>\n\t\t\t<div class='gallery-icon landscape'>\n\t\t\t\t<a href='http:\/\/ventdedos.ch\/wordpress\/wp-content\/uploads\/2018\/02\/P1030788.jpg'><img width=\"1024\" height=\"769\" src=\"http:\/\/ventdedos.ch\/wordpress\/wp-content\/uploads\/2018\/02\/P1030788-1024x769.jpg\" class=\"attachment-large size-large\" alt=\"\" loading=\"lazy\" srcset=\"http:\/\/ventdedos.ch\/wordpress\/wp-content\/uploads\/2018\/02\/P1030788-1024x769.jpg 1024w, http:\/\/ventdedos.ch\/wordpress\/wp-content\/uploads\/2018\/02\/P1030788-300x225.jpg 300w, http:\/\/ventdedos.ch\/wordpress\/wp-content\/uploads\/2018\/02\/P1030788-768x577.jpg 768w, http:\/\/ventdedos.ch\/wordpress\/wp-content\/uploads\/2018\/02\/P1030788.jpg 1065w\" sizes=\"(max-width: 1024px) 100vw, 1024px\" \/><\/a>\n\t\t\t<\/div><\/figure><figure class='gallery-item'>\n\t\t\t<div class='gallery-icon landscape'>\n\t\t\t\t<a href='http:\/\/ventdedos.ch\/wordpress\/wp-content\/uploads\/2018\/02\/P1030778.jpg'><img width=\"1024\" height=\"769\" src=\"http:\/\/ventdedos.ch\/wordpress\/wp-content\/uploads\/2018\/02\/P1030778-1024x769.jpg\" class=\"attachment-large size-large\" alt=\"\" loading=\"lazy\" srcset=\"http:\/\/ventdedos.ch\/wordpress\/wp-content\/uploads\/2018\/02\/P1030778-1024x769.jpg 1024w, http:\/\/ventdedos.ch\/wordpress\/wp-content\/uploads\/2018\/02\/P1030778-300x225.jpg 300w, http:\/\/ventdedos.ch\/wordpress\/wp-content\/uploads\/2018\/02\/P1030778-768x577.jpg 768w, http:\/\/ventdedos.ch\/wordpress\/wp-content\/uploads\/2018\/02\/P1030778.jpg 1065w\" sizes=\"(max-width: 1024px) 100vw, 1024px\" \/><\/a>\n\t\t\t<\/div><\/figure><figure class='gallery-item'>\n\t\t\t<div class='gallery-icon landscape'>\n\t\t\t\t<a href='http:\/\/ventdedos.ch\/wordpress\/wp-content\/uploads\/2018\/02\/P1030821.jpg'><img width=\"1024\" height=\"769\" src=\"http:\/\/ventdedos.ch\/wordpress\/wp-content\/uploads\/2018\/02\/P1030821-1024x769.jpg\" class=\"attachment-large size-large\" alt=\"\" loading=\"lazy\" srcset=\"http:\/\/ventdedos.ch\/wordpress\/wp-content\/uploads\/2018\/02\/P1030821-1024x769.jpg 1024w, http:\/\/ventdedos.ch\/wordpress\/wp-content\/uploads\/2018\/02\/P1030821-300x225.jpg 300w, http:\/\/ventdedos.ch\/wordpress\/wp-content\/uploads\/2018\/02\/P1030821-768x577.jpg 768w, http:\/\/ventdedos.ch\/wordpress\/wp-content\/uploads\/2018\/02\/P1030821.jpg 1065w\" sizes=\"(max-width: 1024px) 100vw, 1024px\" \/><\/a>\n\t\t\t<\/div><\/figure>\n\t\t<\/div>\n\n<p>Cette fois-ci on ne se fait pas avoir. L\u2019agglom\u00e9ration d\u2019Istanbul \u00e9tant peupl\u00e9e de plus de 15 millions d\u2019habitants, c\u2019est hors de question d\u2019y entrer \u00e0 v\u00e9lo et c\u2019est donc en bateau que nous p\u00e9n\u00e9trons dans la ville. Deux jours \u00e0 d\u00e9ambuler dans la ville entre la basilique de Sainte-Sophie, la mosqu\u00e9e Bleue, le Bosphore et les bazars. On nous avait promis une ville bond\u00e9e et stressante, on y a finalement pass\u00e9 de super moments et on en a pris plein les yeux et les papilles. Les jours que nous venons de vivre \u00e9taient bien loin du planning que les deux Suisses organis\u00e9s que nous sommes avions pr\u00e9vus mais cela nous a fait du bien de se laisser vivre et de saisir les opportunit\u00e9s comme elles se pr\u00e9sentent. On nous avait pr\u00e9venu que l\u2019hospitalit\u00e9 turque c\u2019\u00e9tait quelque chose mais on ne pensait pas \u00eatre re\u00e7u dans de telles conditions. De la spontan\u00e9it\u00e9. Voil\u00e0 ce qu\u2019on va probablement ajouter dans nos vies, car on arrivera jamais \u00e0 \u00e9galer l\u2019accueil et l\u2019hospitalit\u00e9 turque.<\/p>\n<p><em>PS: Cette fois-ci on traduit : \u00ab\u00a0Afiyet olsun\u00a0\u00bb c\u2019est \u00ab\u00a0Bon app\u00e9tit\u00a0\u00bb et \u00e7a, on l\u2019a beaucoup dit.<\/em><\/p>\n","protected":false},"excerpt":{"rendered":"<p>Voil\u00e0, nous y sommes, Istanbul, le point le plus \u00e0 l\u2019Est de notre p\u00e9riple&#8230;<\/p>\n","protected":false},"author":1,"featured_media":570,"comment_status":"open","ping_status":"open","sticky":false,"template":"","format":"standard","meta":[],"categories":[4],"tags":[],"_links":{"self":[{"href":"http:\/\/ventdedos.ch\/wordpress\/wp-json\/wp\/v2\/posts\/567"}],"collection":[{"href":"http:\/\/ventdedos.ch\/wordpress\/wp-json\/wp\/v2\/posts"}],"about":[{"href":"http:\/\/ventdedos.ch\/wordpress\/wp-json\/wp\/v2\/types\/post"}],"author":[{"embeddable":true,"href":"http:\/\/ventdedos.ch\/wordpress\/wp-json\/wp\/v2\/users\/1"}],"replies":[{"embeddable":true,"href":"http:\/\/ventdedos.ch\/wordpress\/wp-json\/wp\/v2\/comments?post=567"}],"version-history":[{"count":5,"href":"http:\/\/ventdedos.ch\/wordpress\/wp-json\/wp\/v2\/posts\/567\/revisions"}],"predecessor-version":[{"id":585,"href":"http:\/\/ventdedos.ch\/wordpress\/wp-json\/wp\/v2\/posts\/567\/revisions\/585"}],"wp:featuredmedia":[{"embeddable":true,"href":"http:\/\/ventdedos.ch\/wordpress\/wp-json\/wp\/v2\/media\/570"}],"wp:attachment":[{"href":"http:\/\/ventdedos.ch\/wordpress\/wp-json\/wp\/v2\/media?parent=567"}],"wp:term":[{"taxonomy":"category","embeddable":true,"href":"http:\/\/ventdedos.ch\/wordpress\/wp-json\/wp\/v2\/categories?post=567"},{"taxonomy":"post_tag","embeddable":true,"href":"http:\/\/ventdedos.ch\/wordpress\/wp-json\/wp\/v2\/tags?post=567"}],"curies":[{"name":"wp","href":"https:\/\/api.w.org\/{rel}","templated":true}]}}