{"id":765,"date":"2018-05-28T22:19:20","date_gmt":"2018-05-28T20:19:20","guid":{"rendered":"http:\/\/ventdedos.ch\/wordpress\/?p=765"},"modified":"2018-06-12T22:20:02","modified_gmt":"2018-06-12T20:20:02","slug":"addictions-nordiques","status":"publish","type":"post","link":"http:\/\/ventdedos.ch\/wordpress\/2018\/05\/28\/addictions-nordiques\/","title":{"rendered":"Addictions nordiques"},"content":{"rendered":"<p>La deuxi\u00e8me partie de ce mois de mai rime pour nous avec retrouvailles. C\u2019est tout d\u2019abord Jo, un ami de longue date, qui nous rejoint \u00e0 Jelgava pour rouler deux jours en notre compagnie et profiter de la capitale lettonne. Puis ce sera au tour d\u2019Alicia, la soeur de Van, de nous rejoindre \u00e0 Tallinn pour passer trois jours avec nous avant que nous embarquions pour la Finlande.<\/p>\n<p>Apr\u00e8s une nuit de camping sauvage dans un magnifique spot aux environs de Jelgava, nous nous rendons \u00e0 la gare o\u00f9 nous attendons Jo, fra\u00eechement arriv\u00e9 la nuit pr\u00e9c\u00e9dente \u00e0 Riga. Apr\u00e8s organisation et installation de son package, nous prenons la route tous les trois en direction d\u2019une des rares \u00ab\u00a0montagnes \u00bb lettonnes. Suite \u00e0 une \u00ab\u00a0ascension\u00a0\u00bb p\u00e9rilleuse au milieu des gravas, nous d\u00e9couvrons que notre destination est en fait une station de ski. Pour les habitu\u00e9s des Alpes que nous sommes, il faut vite le dire. Deux pistes dont on voit le d\u00e9part depuis l\u2019arriv\u00e9e composent en r\u00e9alit\u00e9 la station. Le lendemain, nous reprenons la route en direction de la mer Baltique. Au milieu d\u2019une for\u00eat sur une route d\u00e9serte, nous d\u00e9cidons de faire un plan de nous trois avec le drone. Suite \u00e0 un pilotage approximatif de Dan, le drone fini par heurter un arbre et pique du nez. Malheureusement, Dan \u00e9tait trop loin de l\u2019impact pour savoir o\u00f9 il a eu lieu exactement. Van et Jo ne l\u2019on pas entendu dans leur dos. Nous \u00e9tablissons alors un p\u00e9rim\u00e8tre de recherche et retournons toute la for\u00eat deux heures durant. Pendant que Dan secoue les arbres en d\u00e9sespoir de cause, Van r\u00e9ussi \u00e0 r\u00e9cup\u00e9rer les coordonn\u00e9es GPS du dernier vol et Jo finit par mettre la main sur le drone \u00e0 quelques m\u00e8tres du p\u00e9rim\u00e8tre de recherche. Nous reprenons enfin la route affam\u00e9s et pas vraiment en avance sur l\u2019heure de rendez-vous fix\u00e9e pour r\u00e9cup\u00e9rer les cl\u00e9s du logement que nous avons lou\u00e9 \u00e0 Riga. Nous nous arr\u00eatons dans le premier restaurant que nous trouvons en bordure de route. Avec le recul, la bi\u00e8re et les frittes \u00e9taient peut-\u00eatre de trop au regard de l\u2019entra\u00eenement relatif de notre invit\u00e9. C\u2019est finalement via une belle piste cyclable que nous entrons dans Riga et rejoignons notre appartement \u00e0 deux pas du centre. Nous passons alors un superbe week-end dans la capitale lettone \u00e0 errer entre monuments historiques, tavernes et restaurants. Que c\u2019\u00e9tait bon de retrouver un ami proche dans un endroit aussi peu commun et de festoyer en sa compagnie.<\/p>\n<div id='gallery-1' class='gallery galleryid-765 gallery-columns-3 gallery-size-large'><figure class='gallery-item'>\n\t\t\t<div class='gallery-icon landscape'>\n\t\t\t\t<a href='http:\/\/ventdedos.ch\/wordpress\/wp-content\/uploads\/2018\/06\/P1050789.jpg'><img width=\"1024\" height=\"769\" src=\"http:\/\/ventdedos.ch\/wordpress\/wp-content\/uploads\/2018\/06\/P1050789-1024x769.jpg\" class=\"attachment-large size-large\" alt=\"\" loading=\"lazy\" srcset=\"http:\/\/ventdedos.ch\/wordpress\/wp-content\/uploads\/2018\/06\/P1050789-1024x769.jpg 1024w, http:\/\/ventdedos.ch\/wordpress\/wp-content\/uploads\/2018\/06\/P1050789-300x225.jpg 300w, http:\/\/ventdedos.ch\/wordpress\/wp-content\/uploads\/2018\/06\/P1050789-768x577.jpg 768w\" sizes=\"(max-width: 1024px) 100vw, 1024px\" \/><\/a>\n\t\t\t<\/div><\/figure><figure class='gallery-item'>\n\t\t\t<div class='gallery-icon landscape'>\n\t\t\t\t<a href='http:\/\/ventdedos.ch\/wordpress\/wp-content\/uploads\/2018\/06\/P1050759.jpg'><img width=\"1024\" height=\"769\" src=\"http:\/\/ventdedos.ch\/wordpress\/wp-content\/uploads\/2018\/06\/P1050759-1024x769.jpg\" class=\"attachment-large size-large\" alt=\"\" loading=\"lazy\" srcset=\"http:\/\/ventdedos.ch\/wordpress\/wp-content\/uploads\/2018\/06\/P1050759-1024x769.jpg 1024w, http:\/\/ventdedos.ch\/wordpress\/wp-content\/uploads\/2018\/06\/P1050759-300x225.jpg 300w, http:\/\/ventdedos.ch\/wordpress\/wp-content\/uploads\/2018\/06\/P1050759-768x577.jpg 768w\" sizes=\"(max-width: 1024px) 100vw, 1024px\" \/><\/a>\n\t\t\t<\/div><\/figure><figure class='gallery-item'>\n\t\t\t<div class='gallery-icon landscape'>\n\t\t\t\t<a href='http:\/\/ventdedos.ch\/wordpress\/wp-content\/uploads\/2018\/06\/P1050741.jpg'><img width=\"1024\" height=\"769\" src=\"http:\/\/ventdedos.ch\/wordpress\/wp-content\/uploads\/2018\/06\/P1050741-1024x769.jpg\" class=\"attachment-large size-large\" alt=\"\" loading=\"lazy\" srcset=\"http:\/\/ventdedos.ch\/wordpress\/wp-content\/uploads\/2018\/06\/P1050741-1024x769.jpg 1024w, http:\/\/ventdedos.ch\/wordpress\/wp-content\/uploads\/2018\/06\/P1050741-300x225.jpg 300w, http:\/\/ventdedos.ch\/wordpress\/wp-content\/uploads\/2018\/06\/P1050741-768x577.jpg 768w\" sizes=\"(max-width: 1024px) 100vw, 1024px\" \/><\/a>\n\t\t\t<\/div><\/figure>\n\t\t<\/div>\n\n<p>C\u2019est avec l\u2019enthousiasme de retrouver Alicia dans 3 jours et de d\u00e9couvrir l\u2019Estonie, notre 24\u00e8me pays, que nous laissons Riga et Jo. Nous devons alors jongler entre une route relativement dangereuse, car tr\u00e8s fr\u00e9quent\u00e9e et pas tr\u00e8s large, et de petites routes remplies de cailloux, usantes pour le mat\u00e9riel et le moral. Nous trouvons un peu effrayant que l\u2019itin\u00e9raire d\u2019un des Eurov\u00e9lo destin\u00e9 aux familles passe parfois sur cette premi\u00e8re route. Le soir venu, nous dormons pour trois fois rien dans un camping immense au bord de la mer baltique o\u00f9, une fois n&rsquo;est pas coutume, nous sommes certainement les seuls visiteurs. Apr\u00e8s un essai de baignade vite avort\u00e9 \u00e0 cause de la temp\u00e9rature de l\u2019eau, nous assistons \u00e0 un magnifique couch\u00e9 de soleil quelque peu g\u00e2ch\u00e9 par les attaques de moustiques de plus en plus virulentes au fils de notre ascension de l\u2019Europe. Les deux jours de route suivants en Estonie pour rejoindre Tallinn sont relativement agr\u00e9ables. Nous trouvons de meilleures possibilit\u00e9s de route en nous excentrant un peu plus sur l\u2019int\u00e9rieur du pays. Nous regrettons cependant d\u2019avoir d\u00fb faire l\u2019impasse sur les \u00eeles estoniennes \u00e0 l\u2019ouest du pays. C\u2019est toutefois le prix \u00e0 payer pour retrouver Alicia dans les temps.<\/p>\n<div id='gallery-2' class='gallery galleryid-765 gallery-columns-3 gallery-size-large'><figure class='gallery-item'>\n\t\t\t<div class='gallery-icon landscape'>\n\t\t\t\t<a href='http:\/\/ventdedos.ch\/wordpress\/wp-content\/uploads\/2018\/06\/P1050707.jpg'><img width=\"1024\" height=\"769\" src=\"http:\/\/ventdedos.ch\/wordpress\/wp-content\/uploads\/2018\/06\/P1050707-1024x769.jpg\" class=\"attachment-large size-large\" alt=\"\" loading=\"lazy\" srcset=\"http:\/\/ventdedos.ch\/wordpress\/wp-content\/uploads\/2018\/06\/P1050707-1024x769.jpg 1024w, http:\/\/ventdedos.ch\/wordpress\/wp-content\/uploads\/2018\/06\/P1050707-300x225.jpg 300w, http:\/\/ventdedos.ch\/wordpress\/wp-content\/uploads\/2018\/06\/P1050707-768x577.jpg 768w\" sizes=\"(max-width: 1024px) 100vw, 1024px\" \/><\/a>\n\t\t\t<\/div><\/figure><figure class='gallery-item'>\n\t\t\t<div class='gallery-icon landscape'>\n\t\t\t\t<a href='http:\/\/ventdedos.ch\/wordpress\/wp-content\/uploads\/2018\/06\/P1050676.jpg'><img width=\"1024\" height=\"769\" src=\"http:\/\/ventdedos.ch\/wordpress\/wp-content\/uploads\/2018\/06\/P1050676-1024x769.jpg\" class=\"attachment-large size-large\" alt=\"\" loading=\"lazy\" srcset=\"http:\/\/ventdedos.ch\/wordpress\/wp-content\/uploads\/2018\/06\/P1050676-1024x769.jpg 1024w, http:\/\/ventdedos.ch\/wordpress\/wp-content\/uploads\/2018\/06\/P1050676-300x225.jpg 300w, http:\/\/ventdedos.ch\/wordpress\/wp-content\/uploads\/2018\/06\/P1050676-768x577.jpg 768w\" sizes=\"(max-width: 1024px) 100vw, 1024px\" \/><\/a>\n\t\t\t<\/div><\/figure><figure class='gallery-item'>\n\t\t\t<div class='gallery-icon landscape'>\n\t\t\t\t<a href='http:\/\/ventdedos.ch\/wordpress\/wp-content\/uploads\/2018\/06\/P1050635.jpg'><img width=\"1024\" height=\"769\" src=\"http:\/\/ventdedos.ch\/wordpress\/wp-content\/uploads\/2018\/06\/P1050635-1024x769.jpg\" class=\"attachment-large size-large\" alt=\"\" loading=\"lazy\" srcset=\"http:\/\/ventdedos.ch\/wordpress\/wp-content\/uploads\/2018\/06\/P1050635-1024x769.jpg 1024w, http:\/\/ventdedos.ch\/wordpress\/wp-content\/uploads\/2018\/06\/P1050635-300x225.jpg 300w, http:\/\/ventdedos.ch\/wordpress\/wp-content\/uploads\/2018\/06\/P1050635-768x577.jpg 768w\" sizes=\"(max-width: 1024px) 100vw, 1024px\" \/><\/a>\n\t\t\t<\/div><\/figure>\n\t\t<\/div>\n\n<p>Avant de partir \u00e0 l\u2019aventure nous avions h\u00e9berg\u00e9 dans notre appartement de Renens un cyclotourisme mi-ukrainien, mi-letton, habitant entre Kiev et Tallinn. Il nous avait gentiment invit\u00e9 \u00e0 le contacter si nous passions pr\u00e8s de chez lui. C\u2019est ainsi que nous nous retrouvons log\u00e9s chez la femme de celui-ci \u00e0 Tallinn. Tuuli nous pr\u00eate g\u00e9n\u00e9reusement son appartement pour les trois nuits de notre s\u00e9jour en compagnie d\u2019Alicia. Apr\u00e8s une soir\u00e9e pass\u00e9e \u00e0 rattraper le temps autour d\u2019un bon repas et de quelques bi\u00e8res, nous passons la journ\u00e9e suivante \u00e0 visiter Tallinn, sa vieille ville et son quartier hipster. Dans ce dernier, Dan se sent comme un poisson dans l\u2019eau au milieu des barbus en tout genre. Apr\u00e8s avoir sillonn\u00e9 la ville dans tous les sens, nous sommes fatigu\u00e9s et nous nous promettons que le lendemain nous marcherons moins. On se retrouve ainsi \u00e0 aller faire un tour au zoo qui ne se trouve pas si loin de l\u2019appartement. Mal nous en a pris. Le zoo de Tallinn est tr\u00e8s sympathique avec ses ours polaires, ses \u00e9l\u00e9phants et le tutti quanti, mais il est immense. Sans l\u2019avoir visit\u00e9 dans ses moindres recoins nous avons pass\u00e9 des heures \u00e0 y marcher. Pour les bonnes r\u00e9solutions, nous repasserons. Nous nous rendons \u00e0 nouveau dans la vieille ville afin d\u2019y voir les 2-3 points d\u2019int\u00e9r\u00eats qui nous avaient \u00e9chapp\u00e9 le jour d\u2019avant et surtout, de profiter de quelques bi\u00e8res sur une terrasse du centre. Le lendemain, apr\u00e8s un pic-nique dans un parc, il est d\u00e9j\u00e0 temps de se dire au revoir. \u00c7a nous a fait bien plaisir de partager ces quelques jours en famille. Pendant qu\u2019Alicia reprend le chemin de l\u2019a\u00e9roport, nous nous dirigeons vers le port afin d\u2019embarquer \u00e0 destination d\u2019Helsinki.<\/p>\n<div id='gallery-3' class='gallery galleryid-765 gallery-columns-3 gallery-size-large'><figure class='gallery-item'>\n\t\t\t<div class='gallery-icon landscape'>\n\t\t\t\t<a href='http:\/\/ventdedos.ch\/wordpress\/wp-content\/uploads\/2018\/06\/P1060031.jpg'><img width=\"1024\" height=\"769\" src=\"http:\/\/ventdedos.ch\/wordpress\/wp-content\/uploads\/2018\/06\/P1060031-1024x769.jpg\" class=\"attachment-large size-large\" alt=\"\" loading=\"lazy\" srcset=\"http:\/\/ventdedos.ch\/wordpress\/wp-content\/uploads\/2018\/06\/P1060031-1024x769.jpg 1024w, http:\/\/ventdedos.ch\/wordpress\/wp-content\/uploads\/2018\/06\/P1060031-300x225.jpg 300w, http:\/\/ventdedos.ch\/wordpress\/wp-content\/uploads\/2018\/06\/P1060031-768x577.jpg 768w\" sizes=\"(max-width: 1024px) 100vw, 1024px\" \/><\/a>\n\t\t\t<\/div><\/figure><figure class='gallery-item'>\n\t\t\t<div class='gallery-icon landscape'>\n\t\t\t\t<a href='http:\/\/ventdedos.ch\/wordpress\/wp-content\/uploads\/2018\/06\/P1060005.jpg'><img width=\"1024\" height=\"769\" src=\"http:\/\/ventdedos.ch\/wordpress\/wp-content\/uploads\/2018\/06\/P1060005-1024x769.jpg\" class=\"attachment-large size-large\" alt=\"\" loading=\"lazy\" srcset=\"http:\/\/ventdedos.ch\/wordpress\/wp-content\/uploads\/2018\/06\/P1060005-1024x769.jpg 1024w, http:\/\/ventdedos.ch\/wordpress\/wp-content\/uploads\/2018\/06\/P1060005-300x225.jpg 300w, http:\/\/ventdedos.ch\/wordpress\/wp-content\/uploads\/2018\/06\/P1060005-768x577.jpg 768w\" sizes=\"(max-width: 1024px) 100vw, 1024px\" \/><\/a>\n\t\t\t<\/div><\/figure><figure class='gallery-item'>\n\t\t\t<div class='gallery-icon landscape'>\n\t\t\t\t<a href='http:\/\/ventdedos.ch\/wordpress\/wp-content\/uploads\/2018\/06\/P1050824.jpg'><img width=\"1024\" height=\"769\" src=\"http:\/\/ventdedos.ch\/wordpress\/wp-content\/uploads\/2018\/06\/P1050824-1024x769.jpg\" class=\"attachment-large size-large\" alt=\"\" loading=\"lazy\" srcset=\"http:\/\/ventdedos.ch\/wordpress\/wp-content\/uploads\/2018\/06\/P1050824-1024x769.jpg 1024w, http:\/\/ventdedos.ch\/wordpress\/wp-content\/uploads\/2018\/06\/P1050824-300x225.jpg 300w, http:\/\/ventdedos.ch\/wordpress\/wp-content\/uploads\/2018\/06\/P1050824-768x577.jpg 768w\" sizes=\"(max-width: 1024px) 100vw, 1024px\" \/><\/a>\n\t\t\t<\/div><\/figure>\n\t\t<\/div>\n\n<p>Nous \u00e9tions pr\u00e9venus. La travers\u00e9e de l\u2019Estonie vers la Finlande est r\u00e9put\u00e9e pour \u00eatre le th\u00e9\u00e2tre de tous les ap\u00e9ros. Le prix de l\u2019alcool \u00e9tant bien plus faible en Estonie qu\u2019en Finlande, les Finlandais n\u2019h\u00e9sitent pas \u00e0 faire le trajet pour ramener quelques provisions, tout en consommant une partie \u00e0 bord. Tout un genre. A notre arriv\u00e9e \u00e0 Helsinki, nous nous rendons imm\u00e9diatement chez Siiri et Lukas nos h\u00f4tes du jour. Apr\u00e8s une d\u00e9licieuse soupe, nous partons admirer le \u00ab\u00a0couch\u00e9\u00a0\u00bb de soleil sur une presque \u00eele du centre. Couch\u00e9 entre guillemets, car cela fait maintenant un bon moment que m\u00eame si le soleil fait mine de se cacher quelques heures, il ne fait jamais vraiment nuit. Pour notre premi\u00e8re soir\u00e9e en Finlande, nous n\u2019aurions pas pu avoir de meilleures h\u00f4tes, nous laissant entrevoir la magnifique aventure nordique qui nous tend les bras. Depuis notre rencontre avec Alexander \u00e0 Dresden, le fan de Scandinavie, une id\u00e9e un peu folle nous trotte dans la t\u00eate : celle de monter bien plus au Nord que ce que nous l\u2019avions pr\u00e9vu et de rejoindre les \u00eeles Lofoten. Nous sommes arriv\u00e9 \u00e0 Helsinki avec une dizaine de jours d\u2019avance sur notre planning et maintenant que nos muscles sont bien form\u00e9s, nous avan\u00e7ons l\u00e9g\u00e8rement plus rapidement que pr\u00e9vu. Ce projet devient compl\u00e8tement r\u00e9alisable. C\u2019est donc d\u00e9cid\u00e9, nous irons aux Lofoten !<\/p>\n<p>En Finlande et en Scandinavie, il existe une loi appel\u00e9e\u00a0\u00ab\u00a0le droit de tout un chacun\u00a0\u00bb. L\u2019id\u00e9e fondamentale est que chaque personne est libre de profiter de la nature. Que se soit pour se balader en for\u00eat, nager dans les nombreux lacs ou cueillir des baies et champignons. Par cette m\u00eame loi, le camping sauvage est autoris\u00e9 sur tout le territoire. Ces pays sont donc des petits paradis pour les voyageurs que nous sommes et nous avons h\u00e2te d\u2019en profiter. Notre premi\u00e8re journ\u00e9e de route suivant notre d\u00e9part d\u2019Helsinki se termine aux abords d\u2019une for\u00eat, non loin de la route. Pour la deuxi\u00e8me nuit, nous prenons peu \u00e0 peu nos marques et trouvons un magnifique spot tout au bord d\u2019un lac. Nous profitons de cette proximit\u00e9 pour une baignade vivifiante et pour faire un brin de toilette. Puis, nous nous rendons chez Matti qui nous accueille avec sa femme et sa fille dans leur appartement de Tampere. Apr\u00e8s avoir partag\u00e9 un repas en leur compagnie nous partons nous balader dans la ville. Nos pas nous m\u00e8nent le long d\u2019une rivi\u00e8re bord\u00e9e d\u2019un parc o\u00f9 plusieurs groupes boivent quelques bi\u00e8res au soleil. Nous d\u00e9cidons de faire pareil et en profitons pour observer ce qui se passe autour de nous. En Finlande, les canettes en aluminium ainsi que les bouteilles en PET sont consign\u00e9es. Nous sommes donc bien surpris en voyant un grand nombre de personnes partir en abandonnant leurs cadavres de bi\u00e8res derri\u00e8re eux sans m\u00eame prendre la peine de les ramener dans une des nombreuses poubelles \u00e0 disposition. Apr\u00e8s observation, ils les laissent derri\u00e8re eux car ils savent qu\u2019ils vont \u00eatre ramass\u00e9s et recycl\u00e9s par les mendiants et sans-abris. Ceux-ci arpentent la ville \u00e0 la recherche de ces d\u00e9chets afin de r\u00e9cup\u00e9rer leur pr\u00e9cieuse consigne. Il est vrai que ces canettes sont bien plus accessibles au sol qu\u2019au fonds d\u2019une poubelle. Nous trouvons ce syst\u00e8me plut\u00f4t ing\u00e9nieux, car m\u00eame si cela ne rend pas forc\u00e9ment les gens plus respectueux, les villes sont en partie propres tout en offrant un moyen simple pour les mendiants et sans-abris de r\u00e9cup\u00e9rer quelques couronnes. Apr\u00e8s notre balade, nous retrouvons nos h\u00f4tes et en profitons pour en apprendre plus sur la Finlande et sa culture et glaner quelques pr\u00e9cieux conseils cyclables aupr\u00e8s de Matti, qui travaille pour la f\u00e9d\u00e9ration de cyclisme finlandaise. Le lendemain, c\u2019est accompagn\u00e9 sur quelques kilom\u00e8tres par Matti et sa fille, bien install\u00e9e \u00e0 l\u2019avant du v\u00e9lo cargo, que nous reprenons la route, impatients de traverser une petite partie de la fameuse r\u00e9gion des lacs finlandaise.<\/p>\n<div id='gallery-4' class='gallery galleryid-765 gallery-columns-3 gallery-size-large'><figure class='gallery-item'>\n\t\t\t<div class='gallery-icon landscape'>\n\t\t\t\t<a href='http:\/\/ventdedos.ch\/wordpress\/wp-content\/uploads\/2018\/06\/P1060072.jpg'><img width=\"1024\" height=\"769\" src=\"http:\/\/ventdedos.ch\/wordpress\/wp-content\/uploads\/2018\/06\/P1060072-1024x769.jpg\" class=\"attachment-large size-large\" alt=\"\" loading=\"lazy\" srcset=\"http:\/\/ventdedos.ch\/wordpress\/wp-content\/uploads\/2018\/06\/P1060072-1024x769.jpg 1024w, http:\/\/ventdedos.ch\/wordpress\/wp-content\/uploads\/2018\/06\/P1060072-300x225.jpg 300w, http:\/\/ventdedos.ch\/wordpress\/wp-content\/uploads\/2018\/06\/P1060072-768x577.jpg 768w\" sizes=\"(max-width: 1024px) 100vw, 1024px\" \/><\/a>\n\t\t\t<\/div><\/figure><figure class='gallery-item'>\n\t\t\t<div class='gallery-icon landscape'>\n\t\t\t\t<a href='http:\/\/ventdedos.ch\/wordpress\/wp-content\/uploads\/2018\/06\/P1060117.jpg'><img width=\"1024\" height=\"769\" src=\"http:\/\/ventdedos.ch\/wordpress\/wp-content\/uploads\/2018\/06\/P1060117-1024x769.jpg\" class=\"attachment-large size-large\" alt=\"\" loading=\"lazy\" srcset=\"http:\/\/ventdedos.ch\/wordpress\/wp-content\/uploads\/2018\/06\/P1060117-1024x769.jpg 1024w, http:\/\/ventdedos.ch\/wordpress\/wp-content\/uploads\/2018\/06\/P1060117-300x225.jpg 300w, http:\/\/ventdedos.ch\/wordpress\/wp-content\/uploads\/2018\/06\/P1060117-768x577.jpg 768w\" sizes=\"(max-width: 1024px) 100vw, 1024px\" \/><\/a>\n\t\t\t<\/div><\/figure><figure class='gallery-item'>\n\t\t\t<div class='gallery-icon landscape'>\n\t\t\t\t<a href='http:\/\/ventdedos.ch\/wordpress\/wp-content\/uploads\/2018\/06\/P1060142.jpg'><img width=\"1024\" height=\"769\" src=\"http:\/\/ventdedos.ch\/wordpress\/wp-content\/uploads\/2018\/06\/P1060142-1024x769.jpg\" class=\"attachment-large size-large\" alt=\"\" loading=\"lazy\" srcset=\"http:\/\/ventdedos.ch\/wordpress\/wp-content\/uploads\/2018\/06\/P1060142-1024x769.jpg 1024w, http:\/\/ventdedos.ch\/wordpress\/wp-content\/uploads\/2018\/06\/P1060142-300x225.jpg 300w, http:\/\/ventdedos.ch\/wordpress\/wp-content\/uploads\/2018\/06\/P1060142-768x577.jpg 768w\" sizes=\"(max-width: 1024px) 100vw, 1024px\" \/><\/a>\n\t\t\t<\/div><\/figure>\n\t\t<\/div>\n\n<p>Les paysages somptueux qui s\u2019offrent \u00e0 nos yeux n\u2019emp\u00eacheront pas une s\u00e9rieuse engueulade \u00e0 l\u2019heure du repas. S\u2019ensuit Van qui s\u2019en va toute seule, sans eau et sans t\u00e9l\u00e9phone en pensant que Dan la suivra. Il n\u2019a cependant pas vu dans quelle direction elle \u00e9tait partie et n\u2019emprunte pas la m\u00eame route. Apr\u00e8s une vingtaine de kilom\u00e8tres d\u00e9sagr\u00e9ables pour chacun, nous nous rejoignons finalement pr\u00e8s d\u2019un pont que nous savions tous deux sur notre chemin. Pour l\u2019intelligence, on repassera. Apr\u00e8s des retrouvailles mitig\u00e9es, c\u2019est ensemble que nous reprenons la route en qu\u00eate d\u2019un endroit pour camper. Si possible un bel endroit pr\u00e8s d\u2019un lac, histoire de rattraper un peu l\u2019\u00e9chec de la journ\u00e9e. M\u00eame s\u2019il est permis de camper n\u2019importe o\u00f9, les meilleurs coins sont bien souvent occup\u00e9s par des cottages ou des saunas. Ils sont pas b\u00eates ces finlandais. Apr\u00e8s des heures de recherches infructueuses, nous finissons par poser notre la tente dans une for\u00eat. Commence alors la pire attaque de moustiques de notre vie. Ils sont des centaines \u00e0 nous tourner autour, se posant sur le moindre centim\u00e8tre carr\u00e9 de peau que l\u2019on n\u2019a pas su couvrir. Nous montons le camp en un clin d\u2019oeil, balan\u00e7ons toutes nos affaires \u00e0 l\u2019int\u00e9rieur de la tente et nous d\u00e9p\u00eachons de nous y abriter. On nous a souvent parl\u00e9 des moustiques en Finlande, aujourd\u2019hui nous pouvons vous le confirmer. Ce n\u2019est pas un mythe. Personne n\u2019a le courage de sortir pr\u00e9parer le repas. Du coup, ce sera deux pommes et un sachet d\u2019Ovomaltine en guise de souper. Pas g\u00e9nial apr\u00e8s une journ\u00e9e de plus de 100 kilom\u00e8tres.<\/p>\n<p>Apr\u00e8s une nuit pass\u00e9e au son des bourdonnements incessants, le camp est d\u00e9mont\u00e9 aussi rapidement qu\u2019il avait \u00e9t\u00e9 mont\u00e9. Apr\u00e8s avoir fui sur quelques kilom\u00e8tres, nous nous arr\u00eatons \u00e0 l\u2019abri de ces vampires miniatures pour chercher o\u00f9 se trouve le magasin le plus proche pour satisfaire nos estomacs bien vides. Mauvaise surprise. Comme nous avons roul\u00e9 plus que pr\u00e9vu le jour pr\u00e9c\u00e9dent, le magasin le plus proche se trouve maintenant au m\u00eame endroit de notre objectif du jour. Nous avons bien entendu une petite r\u00e9serve de nourriture pour les cas comme celui-ci, mais nos r\u00e9serves d\u2019eau sont au plus bas. Heureusement, nous nous trouvons dans la r\u00e9gion des lacs et ils sont suffisamment propres pour que nous puissions en boire l\u2019eau. Nous arrivons finalement chez Panu qui vit dans une immense maison un peu perdue dans les bois. Panu n\u2019est pas chez lui le jour de notre arriv\u00e9e, mais il nous a indiqu\u00e9 o\u00f9 trouver le double des cl\u00e9s. Nous avons l\u2019impression d\u2019entrer dans la caverne d\u2019Ali Baba. Nous pensons que tout ce qui est possible d\u2019avoir, Panu l\u2019a. Pour le plus grand bonheur de Dan, il a \u00e9galement un beamer sur lequel il est possible de regarder la finale de la Ligue des Champions. On ne se refait pas. Le lendemain, nous profitons d\u2019un jour de repos dans cette grande maison et faisons la rencontre de notre h\u00f4te en fin de journ\u00e9e.<\/p>\n<div id='gallery-5' class='gallery galleryid-765 gallery-columns-3 gallery-size-large'><figure class='gallery-item'>\n\t\t\t<div class='gallery-icon landscape'>\n\t\t\t\t<a href='http:\/\/ventdedos.ch\/wordpress\/wp-content\/uploads\/2018\/06\/P1060163.jpg'><img width=\"1024\" height=\"769\" src=\"http:\/\/ventdedos.ch\/wordpress\/wp-content\/uploads\/2018\/06\/P1060163-1024x769.jpg\" class=\"attachment-large size-large\" alt=\"\" loading=\"lazy\" srcset=\"http:\/\/ventdedos.ch\/wordpress\/wp-content\/uploads\/2018\/06\/P1060163-1024x769.jpg 1024w, http:\/\/ventdedos.ch\/wordpress\/wp-content\/uploads\/2018\/06\/P1060163-300x225.jpg 300w, http:\/\/ventdedos.ch\/wordpress\/wp-content\/uploads\/2018\/06\/P1060163-768x577.jpg 768w\" sizes=\"(max-width: 1024px) 100vw, 1024px\" \/><\/a>\n\t\t\t<\/div><\/figure><figure class='gallery-item'>\n\t\t\t<div class='gallery-icon landscape'>\n\t\t\t\t<a href='http:\/\/ventdedos.ch\/wordpress\/wp-content\/uploads\/2018\/06\/P1060151.jpg'><img width=\"1024\" height=\"769\" src=\"http:\/\/ventdedos.ch\/wordpress\/wp-content\/uploads\/2018\/06\/P1060151-1024x769.jpg\" class=\"attachment-large size-large\" alt=\"\" loading=\"lazy\" srcset=\"http:\/\/ventdedos.ch\/wordpress\/wp-content\/uploads\/2018\/06\/P1060151-1024x769.jpg 1024w, http:\/\/ventdedos.ch\/wordpress\/wp-content\/uploads\/2018\/06\/P1060151-300x225.jpg 300w, http:\/\/ventdedos.ch\/wordpress\/wp-content\/uploads\/2018\/06\/P1060151-768x577.jpg 768w\" sizes=\"(max-width: 1024px) 100vw, 1024px\" \/><\/a>\n\t\t\t<\/div><\/figure><figure class='gallery-item'>\n\t\t\t<div class='gallery-icon landscape'>\n\t\t\t\t<a href='http:\/\/ventdedos.ch\/wordpress\/wp-content\/uploads\/2018\/06\/P1060177.jpg'><img width=\"1024\" height=\"769\" src=\"http:\/\/ventdedos.ch\/wordpress\/wp-content\/uploads\/2018\/06\/P1060177-1024x769.jpg\" class=\"attachment-large size-large\" alt=\"\" loading=\"lazy\" srcset=\"http:\/\/ventdedos.ch\/wordpress\/wp-content\/uploads\/2018\/06\/P1060177-1024x769.jpg 1024w, http:\/\/ventdedos.ch\/wordpress\/wp-content\/uploads\/2018\/06\/P1060177-300x225.jpg 300w, http:\/\/ventdedos.ch\/wordpress\/wp-content\/uploads\/2018\/06\/P1060177-768x577.jpg 768w\" sizes=\"(max-width: 1024px) 100vw, 1024px\" \/><\/a>\n\t\t\t<\/div><\/figure>\n\t\t<\/div>\n\n<p>Apr\u00e8s une sympathique soir\u00e9e en sa compagnie, c\u2019est un peu plus frais qu\u2019\u00e0 notre arriv\u00e9e que nous reprenons nos montures. La veille, Panu nous a montr\u00e9 un site internet recensant toutes les places am\u00e9nag\u00e9es pour le camping en Finlande. Cela peut \u00eatre des petites cabanes ou juste des toits avec g\u00e9n\u00e9ralement des toilettes s\u00e8ches, du bois et un endroit pour faire du feu. Le Graal ! S\u2019ensuit alors deux nuits de camping sauvage dans des endroits formidables. C\u2019est toujours plus facile de rouler en sachant qu\u2019un endroit chouette nous attend et qu\u2019il ne sera pas n\u00e9cessaire de chercher un coin, potentiellement des heures durant. Alors que nous roulons plein nord, Dan s\u2019arr\u00eate pour remettre en question la direction que nous prenons. En effet, notre ascension aux Lofoten rallonge d\u2019un bon bout notre voyage et ne colle pas vraiment avec la future venue de nos amis S\u00e9b et Aur\u00e9 fin juin aux environs de Bergen. Elle implique de ne pas trop trainer et de songer \u00e0 prendre le bateau, hypoth\u00e9quant certains lieux incontournables que nous avions rep\u00e9r\u00e9s en Norv\u00e8ge. Apr\u00e8s une bonne heure de d\u00e9bat, nous arrivons \u00e0 la conclusion que les Lofoten, ce sera pour un autre voyage. Maintenant que nous sommes au nord de l\u2019Europe, nous n&rsquo;avons aucune envie de nous d\u00e9p\u00eacher. Au contraire, nous pr\u00e9f\u00e9rons suivre ce que nous avions pr\u00e9vu tout en profitant de notre avance pour saisir les opportunit\u00e9s qui se pr\u00e9sentent \u00e0 nous. C\u2019est le coeur gros que nous mettons le cap \u00e0 l\u2019ouest, mettant un terme \u00e0 notre ascension nordique. Une dr\u00f4le de sensation nous habite alors au moment de prendre pour la premi\u00e8re fois depuis notre d\u00e9part, la direction du retour.<\/p>\n","protected":false},"excerpt":{"rendered":"<p>La deuxi\u00e8me partie de ce mois de mai rime pour nous avec retrouvailles&#8230;<\/p>\n","protected":false},"author":1,"featured_media":771,"comment_status":"open","ping_status":"open","sticky":false,"template":"","format":"standard","meta":[],"categories":[4],"tags":[],"_links":{"self":[{"href":"http:\/\/ventdedos.ch\/wordpress\/wp-json\/wp\/v2\/posts\/765"}],"collection":[{"href":"http:\/\/ventdedos.ch\/wordpress\/wp-json\/wp\/v2\/posts"}],"about":[{"href":"http:\/\/ventdedos.ch\/wordpress\/wp-json\/wp\/v2\/types\/post"}],"author":[{"embeddable":true,"href":"http:\/\/ventdedos.ch\/wordpress\/wp-json\/wp\/v2\/users\/1"}],"replies":[{"embeddable":true,"href":"http:\/\/ventdedos.ch\/wordpress\/wp-json\/wp\/v2\/comments?post=765"}],"version-history":[{"count":7,"href":"http:\/\/ventdedos.ch\/wordpress\/wp-json\/wp\/v2\/posts\/765\/revisions"}],"predecessor-version":[{"id":792,"href":"http:\/\/ventdedos.ch\/wordpress\/wp-json\/wp\/v2\/posts\/765\/revisions\/792"}],"wp:featuredmedia":[{"embeddable":true,"href":"http:\/\/ventdedos.ch\/wordpress\/wp-json\/wp\/v2\/media\/771"}],"wp:attachment":[{"href":"http:\/\/ventdedos.ch\/wordpress\/wp-json\/wp\/v2\/media?parent=765"}],"wp:term":[{"taxonomy":"category","embeddable":true,"href":"http:\/\/ventdedos.ch\/wordpress\/wp-json\/wp\/v2\/categories?post=765"},{"taxonomy":"post_tag","embeddable":true,"href":"http:\/\/ventdedos.ch\/wordpress\/wp-json\/wp\/v2\/tags?post=765"}],"curies":[{"name":"wp","href":"https:\/\/api.w.org\/{rel}","templated":true}]}}